{"id":889,"date":"2024-02-20T17:39:52","date_gmt":"2024-02-20T15:39:52","guid":{"rendered":"https:\/\/www.onyxrentals.gr\/?p=889"},"modified":"2024-02-20T17:43:14","modified_gmt":"2024-02-20T15:43:14","slug":"rethymno-ovaros","status":"publish","type":"post","link":"https:\/\/www.onyxrentals.gr\/hu\/rethymno-ovaros\/","title":{"rendered":"Rethymno \u00f3v\u00e1ros"},"content":{"rendered":"Rethymno \u00f3v\u00e1rosa a renesz\u00e1nsz k\u00f6z\u00e9pkor egyik legjobb \u00e1llapotban megmaradt v\u00e1rosr\u00e9sze eg\u00e9sz Eur\u00f3p\u00e1ban.\r\n\r\n<strong>Kr\u00e9ta sziget\u00e9nek \u00e9p\u00edt\u00e9szet\u00e9re az elm\u00falt \u00e9vezredben a Velencei Birdalom \u00e9p\u00edt\u00e9szete hagyta a legnagyobb nyomot, akik a hossz\u00fa id\u0151n kereszt\u00fcl a sziget urai voltak.<\/strong>\u00a0M\u00e9g a velenceiekt\u0151l a hatalmat \u00e1tvev\u0151 t\u00f6r\u00f6k\u00f6k sem adtak olyan mark\u00e1ns \u00e9p\u00edt\u00e9szeti jelleget Kr\u00e9ta t\u00f6bb nagyv\u00e1ros\u00e1nak, akik legink\u00e1bb csak a velencei \u00e9p\u00edtm\u00e9nyeket alak\u00edtott\u00e1k \u00e1t a saj\u00e1t c\u00e9ljaiknak megfelel\u0151en.\r\n\r\n<strong>A velenceiek m\u00e1r a 13. sz\u00e1zad elej\u00e9t\u0151l, 1205-t\u0151l eg\u00e9szen 1669-ig (egyes er\u0151djeikben 1715-ig) jelen voltak Kr\u00e9t\u00e1n, akik a szigetet Candia Kir\u00e1lys\u00e1ga n\u00e9ven (Regno Di Candia, Kingdom of Candia) n\u00e9ven gyarmatuknak tekintett\u00e9k.<\/strong>\u00a0A Velencei Birodalom Candia Kir\u00e1lys\u00e1g gyarmata, azaz Kr\u00e9ta sziget az uralmuk hossz\u00fa \u00e9vsz\u00e1zadai alatt a legt\u00f6bb t\u00e9ren rengeteget fejl\u0151d\u00f6tt, mivel a velenceiek egyik f\u0151 kereskedelmi b\u00e1zisak\u00e9nt kiemelt priorit\u00e1st \u00e9lvezett az \u00c9get-tenger r\u00e9gi\u00f3j\u00e1ban.\r\n\r\nA Velencei Birodalom \u00e9vsz\u00e1zadai sor\u00e1n az \u00e9p\u00edt\u00e9szet, a m\u0171v\u00e9szetek \u00e9s az irodalom val\u00f3s\u00e1ggal sz\u00e1rnyra kaptak Kr\u00e9ta sziget\u00e9n, \u00e9s a mai napig sz\u00e1mos, abb\u00f3l az id\u0151szakb\u00f3l sz\u00e1rmaz\u00f3 t\u00f6rt\u00e9nelmi eml\u00e9ket \u0151riz az ut\u00f3kor.\u00a0<strong>A velencei \u00e9p\u00edt\u00e9szet legl\u00e1tv\u00e1nyosabb \u00e9p\u00edt\u00e9szeti eml\u00e9kei els\u0151sorban Chania, Rethymno \u00e9s helyenk\u00e9nt Kr\u00e9ta f\u0151v\u00e1ros\u00e1ban, Heraklionban tekinthet\u0151ek meg, bizonyos v\u00e1rosr\u00e9szeket a mai napig beleng a velencei id\u0151k szelleme.<\/strong>\u00a0Ugyan Candia Kir\u00e1lys\u00e1g\u00e1nak \u00e9vei alatt a velenceieket a helyi kr\u00e9tai lakosok egy r\u00e9sze elnyom\u00f3nak tekintette, \u00e9s id\u0151nk\u00e9nt l\u00e1zad\u00e1sok is fellobbantak, \u00e1m a velencei uralmat k\u00f6vet\u0151 t\u00f6r\u00f6k id\u0151k alatt m\u00e1r sokan bel\u00e1tt\u00e1k, hogy az It\u00e1li\u00e1b\u00f3l sz\u00e1rmaz\u00f3 helytart\u00f3k alatt mennyivel jobban \u00e9lt a sziget.\r\n<figure class=\"wp-block-image size-full\"><\/figure>\r\n<h2 class=\"wp-block-heading\">Rethymno \u00f3v\u00e1rosa, Kr\u00e9ta sziget egyik legszebb t\u00f6rt\u00e9nelmi negyede<\/h2>\r\n<strong>Rethymno \u00f3v\u00e1rosa (Rethymno Old Town) szinte p\u00e1ratlan t\u00f6rt\u00e9nelmi l\u00e1tnival\u00f3 \u00e9s \u00f3v\u00e1rosi r\u00e9sz nem csup\u00e1n Kr\u00e9t\u00e1n, de a mediterr\u00e1n szigetvil\u00e1got is tekintve<\/strong>, G\u00f6r\u00f6gorsz\u00e1gban v\u00e9lem\u00e9ny\u00fcnk szerint csak Rodosz \u00f3v\u00e1rosa\u00a0l\u00e1tv\u00e1nyosabb n\u00e1la. Rethymno \u00f3v\u00e1ros\u00e1nak meglehet\u0151sen nagy ter\u00fclet\u00e9n a velencei uralom jellegzetes \u00e9p\u00fcletei, lak\u00f3h\u00e1zai k\u00f6z\u00fcl sz\u00e1mos szinte v\u00e1ltozatlan form\u00e1ban tekinthet\u0151 meg napjainkban is.\r\n<figure class=\"wp-block-image size-full\"><\/figure>\r\n<strong>A Velencei Birodalom \u00e9p\u00edt\u00e9szei \u00e1ltal tervezett sz\u0171k utc\u00e1kon d\u00edszes kapubej\u00e1r\u00f3k, bolt\u00edvek, domborm\u0171vek fedezhet\u0151ek fel, a falakb\u00f3l k\u0151b\u0151l kifaragott erk\u00e9lyek emelkednek ki.\u00a0<\/strong>Rethymno \u00f3v\u00e1ros\u00e1nak t\u00f6bb pontj\u00e1n a velencei \u00e9p\u00edt\u00e9szeten fel\u00fcl a k\u00e9s\u0151bbi, 250 \u00e9ven \u00e1t tart\u00f3 t\u00f6r\u00f6k h\u00f3dolts\u00e1g nyomai is j\u00f3l l\u00e1tszanak, a megl\u00e9v\u0151 \u00e9p\u00fcletek mell\u00e9 mecsetek \u00e9s keleti st\u00edlusban emelt h\u00e1zak is \u00e9p\u00fcltek. A t\u00f6r\u00f6k\u00f6k r\u00e1ad\u00e1sul el\u0151szeretettel alkalmaztak f\u00e1t \u00e9p\u00edtkez\u00e9seikn\u00e9l a k\u00fcls\u0151 tereken is, ami f\u0151k\u00e9nt a sok f\u00e1b\u00f3l k\u00e9sz\u00fclt erk\u00e9lyn\u00e9l l\u00e1that\u00f3.\r\n<div class=\"code-block code-block-1\">\r\n\r\n&nbsp;\r\n\r\n<\/div>\r\n<figure class=\"wp-block-image size-full\"><\/figure>\r\nAz Oszm\u00e1n Birodalom \u00e9p\u00edt\u00e9szei t\u00f6bb r\u00e9gi, velencei \u00e9p\u00fcletet is \u00e1talak\u00edtottak a c\u00e9ljaiknak megfelel\u0151en \u2013 ilyen alkalmakkor azonban a d\u00edszeket \u00e9s m\u0171v\u00e9szi farag\u00e1sokat vagy elt\u00e1vol\u00edtott\u00e1k a h\u00e1zfalakr\u00f3l, vagy befedt\u00e9k azokat.\u00a0<strong>Rethymno \u00f3v\u00e1ros\u00e1ban \u2013 csak\u00fagy mint Kr\u00e9ta sziget sz\u00e1mos m\u00e1s pontj\u00e1n \u2013 a t\u00f6r\u00f6k uralom v\u00e9g\u00e9n azonban a t\u00f6bb mint k\u00e9tsz\u00e1z \u00e9vig elnyomott helyiek sz\u00e1mos t\u00f6r\u00f6k jelk\u00e9pt\u0151l megszabadultak, \u00e9s a fel\u00e9rt\u00e9kel\u0151d\u00f6tt velencei id\u0151k \u00e9p\u00fcleteit t\u00f6bb \u00edzben is megpr\u00f3b\u00e1lt\u00e1k helyre\u00e1ll\u00edtani.<\/strong>\r\n<figure class=\"wp-block-image size-full\"><\/figure>\r\nRethymno \u00f3v\u00e1rosa Nyugat-Kr\u00e9t\u00e1n, illetve a mai szemmel m\u00e1r apr\u00f3nak t\u0171n\u0151 velencei kik\u00f6t\u0151 legt\u00f6bb \u00e9p\u00fclete a szigetet id\u0151nk\u00e9nt megr\u00e1z\u00f3 f\u00f6ldreng\u00e9seket, illetve \u00e9s a II. vil\u00e1gh\u00e1bor\u00fa puszt\u00edt\u00e1s\u00e1t is t\u00fal\u00e9lte, k\u00f6sz\u00f6nhet\u0151en gondos \u00e9s id\u0151t\u00e1ll\u00f3, sok esetben rendk\u00edv\u00fcl massz\u00edv alapjuknak \u00e9s tervez\u00e9s\u00fcknek.\r\n<figure class=\"wp-block-image size-full\"><\/figure>\r\n<h2 class=\"wp-block-heading\">Rethymno \u00f3v\u00e1ros\u00e1nak legjobb l\u00e1tnival\u00f3i<\/h2>\r\n<strong>Az \u00f3v\u00e1ros kacskaring\u00f3s utc\u00e1in s\u00e9t\u00e1lva a Rethymno v\u00e1ros\u00e1ba l\u00e1togat\u00f3 a k\u00f6z\u00e9pkori eredet\u0171, r\u00e9gies lak\u00f3h\u00e1zakon k\u00edv\u00fcl t\u00f6bb h\u00edres, nagy m\u00falttal rendelkez\u0151 \u00e9p\u00edtm\u00e9nnyel is tal\u00e1lkozik: ilyen pl. a nemesek tal\u00e1lkoz\u00f3helye, a Loggia, a 400 \u00e9ves Rimondi sz\u00f6k\u0151k\u00fat (rimondi Venetian Fountain), a Guora kapu (Porta Guora), a Nerantze (Neratze Mosque) \u00e9s Kara Mousha mecsetek, vagy a hatalmas velencei er\u0151d, a Fortezza (Venetian Fortezza Castle).<\/strong>\r\n<figure class=\"wp-block-image size-full\"><\/figure>\r\nRethymno R\u00e9g\u00e9szeti M\u00fazeuma (Archeological Museum of Rethymno) is itt m\u0171k\u00f6dik, mely ugyan Kr\u00e9ta sziget\u00e9nek kisebb m\u00fazeumai k\u00f6z\u00e9 tartozik, \u00e1m az \u00f3kori \u00e9s k\u00f6z\u00e9pkori id\u0151k szobraib\u00f3l, v\u00e1z\u00e1ib\u00f3l, a felt\u00e1rt r\u00e9g\u00e9szeti eml\u00e9kekb\u0151l \u00e9rdekes kis \u00e1lland\u00f3 ki\u00e1ll\u00edt\u00e1st ny\u00fajt a t\u00f6rt\u00e9nelem ir\u00e1nt \u00e9rdekl\u0151d\u0151knek.\u00a0<strong>Az \u00f3v\u00e1rosi s\u00e9ta sor\u00e1n t\u00f6bb kisebb-nagyobb templom \u00e9s k\u00e1polna is megtekinthet\u0151, mint az Angyalok Boldogasszony\u00e1nak temploma (Church of Our Lady of the Angels), vagy a N\u00e9gy M\u00e1rt\u00edr temploma (Church Of Four Martyrs).<\/strong>\r\n<figure class=\"wp-block-image size-full\"><\/figure>\r\nAz \u00f3v\u00e1ros sz\u0171k utc\u00e1in ma rengeteg kisebb-nagyobb \u00fczlet, k\u00e1v\u00e9z\u00f3 \u00e9s \u00e9tterem tal\u00e1lhat\u00f3, gyakorlatilag szinte mindent megtal\u00e1lni Rethymno ezen v\u00e1rosr\u00e9sz\u00e9ben. Az egyszer\u0171bb gyorsb\u00fcf\u00e9kt\u0151l a kifejezetten eleg\u00e1ns \u00e9ttermekig \u00e9s b\u00e1rokig rendk\u00edv\u00fcl sz\u00e9les a v\u00e1laszt\u00e9k, mind nap k\u00f6zben, mind az \u00e9jszakai \u00f3r\u00e1kban v\u00e1rj\u00e1k a vend\u00e9geiket.\u00a0<strong>Rethymno \u00f3v\u00e1ros\u00e1ban az egyszer\u0171 kis szupermarketek, a gyakran m\u0171v\u00e9szileg kialak\u00edtott k\u00e1v\u00e9z\u00f3k \u00e9s a sz\u00e1mtalan ruha- \u00e9s aj\u00e1nd\u00e9k\u00fczlet b\u00e9k\u00e9sen megf\u00e9rnek egym\u00e1ssal, t\u00f6bbs\u00e9g\u00fck a r\u00e9gi h\u00e1zak f\u00f6ldszintj\u00e9n m\u0171k\u00f6dik.\u00a0<\/strong>A zegzugos, gyakran sik\u00e1torszer\u0171 kis utc\u00e1kban sokaknak t\u00e1mad baz\u00e1rszer\u0171 \u00e9rz\u00e9se, r\u00e1ad\u00e1sul nyaranta az \u00f3v\u00e1ros rendk\u00edv\u00fcl ny\u00fczsg\u0151, f\u0151k\u00e9nt az esti \u00f3r\u00e1kban.\r\n<figure class=\"wp-block-image size-full\"><\/figure>\r\nAz aut\u00f3val behajt\u00e1s a sz\u0171k, d\u00f6nt\u0151en egyir\u00e1ny\u00fa utc\u00e1k miatt kev\u00e9sb\u00e9 javasolt, \u00e1m az \u00f3v\u00e1ros k\u00f6r\u00fcl t\u00f6bb parkol\u00f3t is tal\u00e1lni, ahol biztons\u00e1ggal le lehet tenni a j\u00e1rm\u0171veket. Rethymno f\u0151 buszp\u00e1lyaudvara sem fekszik t\u00fal messze az \u00f3v\u00e1rost\u00f3l, mivel az a Fortezz\u00e1t\u00f3l n\u00e9h\u00e1ny sz\u00e1z m\u00e9terre d\u00e9lnyugatra esik.\r\n<figure class=\"wp-block-image size-full\"><\/figure>\r\n<strong>Rethymno velencei kik\u00f6t\u0151je trad\u00edcion\u00e1lis tavern\u00e1knak ad otthont, benne a v\u00e1ros ikonikus vil\u00e1g\u00edt\u00f3torny\u00e1val (Faros, Rethymno Lighthouse), melyhez ak\u00e1r ki is lehet s\u00e9t\u00e1lni egy m\u00f3l\u00f3n.<\/strong>\u00a0A kik\u00f6t\u0151 m\u00e9retileg elt\u00f6rp\u00fcl ugyan Chania velencei kik\u00f6t\u0151j\u00e9t\u0151l, de sz\u00ednes h\u00e1zaival, z\u00f6ldell\u0151 viz\u00e9vel felett\u00e9bb b\u00e1jos jelens\u00e9g. \u00c9s m\u00edg Rethymno velencei kik\u00f6t\u0151je j\u00f3val kisebb mint a chaniai, az \u00f3v\u00e1rosi r\u00e9sz maga l\u00e1tv\u00e1nyosabb, \u00e9s bej\u00e1r\u00e1sa meglehet\u0151sen hosszadalmas, ak\u00e1r napokat is fel\u00f6lel\u0151 kellemes elfoglalts\u00e1g: mind nappal, mind este kifejezetten aj\u00e1nlott program!\r\n<figure class=\"wp-block-image size-full\"><\/figure>\r\n<p class=\"has-text-align-center has-medium-font-size\"><strong>Kellemes s\u00e9t\u00e1t \u00e9s felfedez\u00e9st k\u00edv\u00e1nunk Rethymno \u00f3v\u00e1ros\u00e1ban, Nyugat-Kr\u00e9t\u00e1n!<\/strong><\/p>\r\nEgy\u00e9b nevek, \u00edr\u00e1sm\u00f3dok: Rethymno Old Town, Old Town of Rethymno","protected":false},"excerpt":{"rendered":"Rethymno \u00f3v\u00e1rosa a renesz\u00e1nsz k\u00f6z\u00e9pkor egyik legjobb \u00e1llapotban megmaradt v\u00e1rosr\u00e9sze eg\u00e9sz Eur\u00f3p\u00e1ban. Kr\u00e9ta sziget\u00e9nek \u00e9p\u00edt\u00e9szet\u00e9re az elm\u00falt \u00e9vezredben a Velencei Birdalom \u00e9p\u00edt\u00e9szete hagyta a legnagyobb nyomot, akik a hossz\u00fa id\u0151n kereszt\u00fcl a sziget urai voltak.\u00a0M\u00e9g a velenceiekt\u0151l a hatalmat \u00e1tvev\u0151 t\u00f6r\u00f6k\u00f6k sem adtak olyan mark\u00e1ns \u00e9p\u00edt\u00e9szeti jelleget Kr\u00e9ta t\u00f6bb nagyv\u00e1ros\u00e1nak, akik legink\u00e1bb csak a velencei [&hellip;]","protected":false},"author":2,"featured_media":890,"comment_status":"closed","ping_status":"closed","sticky":false,"template":"","format":"standard","meta":{"_acf_changed":false,"footnotes":""},"categories":[44],"tags":[],"class_list":["post-889","post","type-post","status-publish","format-standard","has-post-thumbnail","hentry","category-nevezetessegek-tortenelmi-helyszinek"],"acf":[],"_links":{"self":[{"href":"https:\/\/www.onyxrentals.gr\/hu\/wp-json\/wp\/v2\/posts\/889","targetHints":{"allow":["GET"]}}],"collection":[{"href":"https:\/\/www.onyxrentals.gr\/hu\/wp-json\/wp\/v2\/posts"}],"about":[{"href":"https:\/\/www.onyxrentals.gr\/hu\/wp-json\/wp\/v2\/types\/post"}],"author":[{"embeddable":true,"href":"https:\/\/www.onyxrentals.gr\/hu\/wp-json\/wp\/v2\/users\/2"}],"replies":[{"embeddable":true,"href":"https:\/\/www.onyxrentals.gr\/hu\/wp-json\/wp\/v2\/comments?post=889"}],"version-history":[{"count":0,"href":"https:\/\/www.onyxrentals.gr\/hu\/wp-json\/wp\/v2\/posts\/889\/revisions"}],"wp:featuredmedia":[{"embeddable":true,"href":"https:\/\/www.onyxrentals.gr\/hu\/wp-json\/wp\/v2\/media\/890"}],"wp:attachment":[{"href":"https:\/\/www.onyxrentals.gr\/hu\/wp-json\/wp\/v2\/media?parent=889"}],"wp:term":[{"taxonomy":"category","embeddable":true,"href":"https:\/\/www.onyxrentals.gr\/hu\/wp-json\/wp\/v2\/categories?post=889"},{"taxonomy":"post_tag","embeddable":true,"href":"https:\/\/www.onyxrentals.gr\/hu\/wp-json\/wp\/v2\/tags?post=889"}],"curies":[{"name":"wp","href":"https:\/\/api.w.org\/{rel}","templated":true}]}}